{"id":865,"date":"2009-10-06T16:53:49","date_gmt":"2009-10-06T14:53:49","guid":{"rendered":"http:\/\/www.lamborena.com\/?p=865"},"modified":"2009-10-06T16:53:49","modified_gmt":"2009-10-06T14:53:49","slug":"que-buen-dia-hace-para-ir-a-hacer-fotos","status":"publish","type":"post","link":"https:\/\/www.lamborena.com\/?p=865","title":{"rendered":"Que buen d\u00eda hace para ir a hacer fotos!"},"content":{"rendered":"<p style=\"text-align: justify;\">Y yo no puedo ir!! Qu\u00e9 rabia!<\/p>\n<p style=\"text-align: justify;\">Como \u00faltimamente viene siendo costumbre, hoy voy a tirar de archivo para poder mostrar algo en el blog. Se trata de una toma del verano de 2008. No recuerdo haberla mostrado con anterioridad.<\/p>\n<p style=\"text-align: justify;\">Es una foto a la que le tengo un cari\u00f1o especial, porque sin ser de las mejores de mi galer\u00eda, perdura enentre mis favoritas por su simpleza. Cada vez que paso por ella me quedo un buen rato mir\u00e1ndola. Me transmite serenidad, sosiego, calma&#8230;<\/p>\n<p style=\"text-align: justify;\">Est\u00e1 realizada en la cala de La Juncosa, uno de mis lugares favoritos para fotografiar.<\/p>\n<p style=\"text-align: justify;\">Os dejo con ella. Ma\u00f1ana intentar\u00e9 daros alguna noticia sobre la futura asociaci\u00f3n de aficionados a la fotograf\u00eda de Muskiz. Laster arte!<\/p>\n<p style=\"text-align: center;\"><img decoding=\"async\" style=\"border: 2px solid black;\" src=\"http:\/\/farm4.static.flickr.com\/3247\/2650287897_b7d6914ec5.jpg\" alt=\"\" \/><\/p>\n","protected":false},"excerpt":{"rendered":"<p>Y yo no puedo ir!! Qu\u00e9 rabia! Como \u00faltimamente viene siendo costumbre, hoy voy a tirar de archivo para poder mostrar algo en el blog. Se trata de una toma del verano de 2008. No recuerdo haberla mostrado con anterioridad. Es una foto a la que le tengo un cari\u00f1o especial, porque sin ser de [&hellip;]<\/p>\n","protected":false},"author":1,"featured_media":0,"comment_status":"open","ping_status":"open","sticky":false,"template":"","format":"standard","meta":{"ngg_post_thumbnail":0,"footnotes":""},"categories":[6],"tags":[53,51,88,68,57,50,1494,499,18],"class_list":["post-865","post","type-post","status-publish","format-standard","hentry","category-fotografia","tag-andoni-lamborena","tag-cobaron","tag-fotos-de-muskiz","tag-itsaslur","tag-itxaslur","tag-kobaron","tag-lamborena","tag-montemar","tag-muskiz","entry"],"_links":{"self":[{"href":"https:\/\/www.lamborena.com\/index.php?rest_route=\/wp\/v2\/posts\/865","targetHints":{"allow":["GET"]}}],"collection":[{"href":"https:\/\/www.lamborena.com\/index.php?rest_route=\/wp\/v2\/posts"}],"about":[{"href":"https:\/\/www.lamborena.com\/index.php?rest_route=\/wp\/v2\/types\/post"}],"author":[{"embeddable":true,"href":"https:\/\/www.lamborena.com\/index.php?rest_route=\/wp\/v2\/users\/1"}],"replies":[{"embeddable":true,"href":"https:\/\/www.lamborena.com\/index.php?rest_route=%2Fwp%2Fv2%2Fcomments&post=865"}],"version-history":[{"count":1,"href":"https:\/\/www.lamborena.com\/index.php?rest_route=\/wp\/v2\/posts\/865\/revisions"}],"predecessor-version":[{"id":866,"href":"https:\/\/www.lamborena.com\/index.php?rest_route=\/wp\/v2\/posts\/865\/revisions\/866"}],"wp:attachment":[{"href":"https:\/\/www.lamborena.com\/index.php?rest_route=%2Fwp%2Fv2%2Fmedia&parent=865"}],"wp:term":[{"taxonomy":"category","embeddable":true,"href":"https:\/\/www.lamborena.com\/index.php?rest_route=%2Fwp%2Fv2%2Fcategories&post=865"},{"taxonomy":"post_tag","embeddable":true,"href":"https:\/\/www.lamborena.com\/index.php?rest_route=%2Fwp%2Fv2%2Ftags&post=865"}],"curies":[{"name":"wp","href":"https:\/\/api.w.org\/{rel}","templated":true}]}}