{"id":876,"date":"2009-10-15T22:01:33","date_gmt":"2009-10-15T20:01:33","guid":{"rendered":"http:\/\/www.lamborena.com\/?p=876"},"modified":"2009-10-15T22:01:33","modified_gmt":"2009-10-15T20:01:33","slug":"2%c2%aa-reunion-de-aficionados-a-la-fotografia-de-muskiz","status":"publish","type":"post","link":"https:\/\/www.lamborena.com\/?p=876","title":{"rendered":"2\u00aa reuni\u00f3n de Aficionados a la fotograf\u00eda de Muskiz"},"content":{"rendered":"<p style=\"text-align: justify;\">Ya tenemos fecha para esa segunda reuni\u00f3n: Ser\u00e1 el pr\u00f3ximo viernes d\u00eda 23 de octubre a las 19:00 en el Gaztegune de Muskiz.<\/p>\n<p style=\"text-align: justify;\">En esta ocasi\u00f3n analizaremos los distintos modelos de estatutos que hemos recopilado desde la primera reuni\u00f3n y nos pondremos manos a la obra para ir atando cabos sueltos que puedan quedar a\u00fan para una definitiva puesta en marcha del grupo.<\/p>\n<p style=\"text-align: justify;\">Para esta segunda reuni\u00f3n esperamos una asistencia mayor que la que disfrutamos en la primera ya que han sido bastantes personas las que se han acercado hasta alguno de nosotros para interesarse por esta iniciativa.<\/p>\n<p style=\"text-align: justify;\">Ante las cuestiones que varias personas nos han planteado en la calle,\u00a0 me gustar\u00eda aclarar que el grupo o asociaci\u00f3n est\u00e1 dirigido a todas las edades. Ha habido quien se ha echado para atr\u00e1s al ver que la reuni\u00f3n era en el gaztegune dando por sentado que s\u00f3lo era para j\u00f3venes. Es interesante aclarar que si nos establecemos como asociaci\u00f3n en ella s\u00f3lo cabr\u00edan como socios o socias las personas mayores de edad o menores con autorizaci\u00f3n de sus tutores legales.<\/p>\n<p style=\"text-align: justify;\">Como ya comentamos anteriormente, da igual el nivel que se tenga. A este grupo es bienvenido todo el mundo que venga con ganas tanto de aprender como de ense\u00f1ar. Lo importante es tener ganas de disfrutar de esta afici\u00f3n com\u00fan que es la fotograf\u00eda.<\/p>\n<p style=\"text-align: justify;\">Espero veros el pr\u00f3ximo d\u00eda 23. En cuanto tenga el cartel preparado lo colgar\u00e9 aqu\u00ed y tratar\u00e9 de ponerlos por el pueblo con un poco m\u00e1s de antelaci\u00f3n que en la anterior ocasi\u00f3n. Laster arte!<\/p>\n","protected":false},"excerpt":{"rendered":"<p>Ya tenemos fecha para esa segunda reuni\u00f3n: Ser\u00e1 el pr\u00f3ximo viernes d\u00eda 23 de octubre a las 19:00 en el Gaztegune de Muskiz. En esta ocasi\u00f3n analizaremos los distintos modelos de estatutos que hemos recopilado desde la primera reuni\u00f3n y nos pondremos manos a la obra para ir atando cabos sueltos que puedan quedar a\u00fan [&hellip;]<\/p>\n","protected":false},"author":1,"featured_media":0,"comment_status":"open","ping_status":"open","sticky":false,"template":"","format":"standard","meta":{"ngg_post_thumbnail":0,"footnotes":""},"categories":[6],"tags":[510,368,369,485,512,367,511,18],"class_list":["post-876","post","type-post","status-publish","format-standard","hentry","category-fotografia","tag-aficionados-foto-muskiz","tag-aficionados-fotografia-muskiz","tag-argazkigintza-muskiz","tag-argazkigintza-zaleak-muskiz","tag-argazkigintza-zaletasuna-muskiz","tag-asociacion-fotografia-muskiz","tag-asociacion-fotos-muskiz","tag-muskiz","entry"],"_links":{"self":[{"href":"https:\/\/www.lamborena.com\/index.php?rest_route=\/wp\/v2\/posts\/876","targetHints":{"allow":["GET"]}}],"collection":[{"href":"https:\/\/www.lamborena.com\/index.php?rest_route=\/wp\/v2\/posts"}],"about":[{"href":"https:\/\/www.lamborena.com\/index.php?rest_route=\/wp\/v2\/types\/post"}],"author":[{"embeddable":true,"href":"https:\/\/www.lamborena.com\/index.php?rest_route=\/wp\/v2\/users\/1"}],"replies":[{"embeddable":true,"href":"https:\/\/www.lamborena.com\/index.php?rest_route=%2Fwp%2Fv2%2Fcomments&post=876"}],"version-history":[{"count":1,"href":"https:\/\/www.lamborena.com\/index.php?rest_route=\/wp\/v2\/posts\/876\/revisions"}],"predecessor-version":[{"id":877,"href":"https:\/\/www.lamborena.com\/index.php?rest_route=\/wp\/v2\/posts\/876\/revisions\/877"}],"wp:attachment":[{"href":"https:\/\/www.lamborena.com\/index.php?rest_route=%2Fwp%2Fv2%2Fmedia&parent=876"}],"wp:term":[{"taxonomy":"category","embeddable":true,"href":"https:\/\/www.lamborena.com\/index.php?rest_route=%2Fwp%2Fv2%2Fcategories&post=876"},{"taxonomy":"post_tag","embeddable":true,"href":"https:\/\/www.lamborena.com\/index.php?rest_route=%2Fwp%2Fv2%2Ftags&post=876"}],"curies":[{"name":"wp","href":"https:\/\/api.w.org\/{rel}","templated":true}]}}