{"id":907,"date":"2009-10-30T00:10:47","date_gmt":"2009-10-29T22:10:47","guid":{"rendered":"http:\/\/www.lamborena.com\/?p=907"},"modified":"2009-10-30T00:10:47","modified_gmt":"2009-10-29T22:10:47","slug":"asociacion-de-aficionados-a-la-fotografia-de-muskiz-manana-es-el-dia-d","status":"publish","type":"post","link":"https:\/\/www.lamborena.com\/?p=907","title":{"rendered":"Asociaci\u00f3n de aficionados a la fotograf\u00eda de Muskiz&#8230; Ma\u00f1ana es el d\u00eda D!"},"content":{"rendered":"<p style=\"text-align: justify;\">Tras dos reuniones celebradas durante los meses de septiembre y octubre de este a\u00f1o, ma\u00f1ana, si todo va bien, constituiremos por fin la asociaci\u00f3n de aficionados a la fotograf\u00eda de Muskiz.<\/p>\n<p style=\"text-align: justify;\">Los que estamos implicados en este tema hemos quedado ma\u00f1ana a las 19:00 en el gaztegune de Muskiz para ponerle nombre a la asociaci\u00f3n, aprobar los estatutos que regir\u00e1n el funcionamiento de la misma y levantar un acta de constituci\u00f3n para posteriormente registrarnos en Gobierno Vasco como corresponde.<\/p>\n<p style=\"text-align: justify;\">Espero que todo salga bien. De momento estoy viendo a la gente con ganas. Si esto sale adelante ser\u00e1 una gran satisfacci\u00f3n para unos pocos amigos que desde la humilde pretensi\u00f3n de tener un grupo con el que juntarnos para compartir nuestra afici\u00f3n, hemos trabajado en las \u00faltimas semanas para que dicha pretensi\u00f3n se haga realidad.<\/p>\n<p style=\"text-align: justify;\">Nos vemos ma\u00f1ana. Bihar arte!<\/p>\n","protected":false},"excerpt":{"rendered":"<p>Tras dos reuniones celebradas durante los meses de septiembre y octubre de este a\u00f1o, ma\u00f1ana, si todo va bien, constituiremos por fin la asociaci\u00f3n de aficionados a la fotograf\u00eda de Muskiz. Los que estamos implicados en este tema hemos quedado ma\u00f1ana a las 19:00 en el gaztegune de Muskiz para ponerle nombre a la asociaci\u00f3n, [&hellip;]<\/p>\n","protected":false},"author":1,"featured_media":0,"comment_status":"open","ping_status":"open","sticky":false,"template":"","format":"standard","meta":{"ngg_post_thumbnail":0,"footnotes":""},"categories":[6],"tags":[369,370,530,372,88,18,481,129,527],"class_list":["post-907","post","type-post","status-publish","format-standard","hentry","category-fotografia","tag-argazkigintza-muskiz","tag-argazkigintza-muskizen","tag-asociacion","tag-fotografia-muskiz","tag-fotos-de-muskiz","tag-muskiz","tag-muskiz-asociacion-fotografia","tag-muskizko-argazkiak","tag-muskizko-argazkizaleak","entry"],"_links":{"self":[{"href":"https:\/\/www.lamborena.com\/index.php?rest_route=\/wp\/v2\/posts\/907","targetHints":{"allow":["GET"]}}],"collection":[{"href":"https:\/\/www.lamborena.com\/index.php?rest_route=\/wp\/v2\/posts"}],"about":[{"href":"https:\/\/www.lamborena.com\/index.php?rest_route=\/wp\/v2\/types\/post"}],"author":[{"embeddable":true,"href":"https:\/\/www.lamborena.com\/index.php?rest_route=\/wp\/v2\/users\/1"}],"replies":[{"embeddable":true,"href":"https:\/\/www.lamborena.com\/index.php?rest_route=%2Fwp%2Fv2%2Fcomments&post=907"}],"version-history":[{"count":2,"href":"https:\/\/www.lamborena.com\/index.php?rest_route=\/wp\/v2\/posts\/907\/revisions"}],"predecessor-version":[{"id":909,"href":"https:\/\/www.lamborena.com\/index.php?rest_route=\/wp\/v2\/posts\/907\/revisions\/909"}],"wp:attachment":[{"href":"https:\/\/www.lamborena.com\/index.php?rest_route=%2Fwp%2Fv2%2Fmedia&parent=907"}],"wp:term":[{"taxonomy":"category","embeddable":true,"href":"https:\/\/www.lamborena.com\/index.php?rest_route=%2Fwp%2Fv2%2Fcategories&post=907"},{"taxonomy":"post_tag","embeddable":true,"href":"https:\/\/www.lamborena.com\/index.php?rest_route=%2Fwp%2Fv2%2Ftags&post=907"}],"curies":[{"name":"wp","href":"https:\/\/api.w.org\/{rel}","templated":true}]}}