{"id":913,"date":"2009-11-02T14:42:35","date_gmt":"2009-11-02T12:42:35","guid":{"rendered":"http:\/\/www.lamborena.com\/?p=913"},"modified":"2009-11-02T14:42:35","modified_gmt":"2009-11-02T12:42:35","slug":"aguasdulces-urriko-arrasti-baten","status":"publish","type":"post","link":"https:\/\/www.lamborena.com\/?p=913","title":{"rendered":"Aguasdulces urriko arrasti baten"},"content":{"rendered":"<p style=\"text-align: justify;\">Esta foto de hoy forma parte de una breve serie de dos fotograf\u00edas tomadas a finales del pasado mes de octubre en la zona de Aguasdulces, Muskiz.<\/p>\n<p style=\"text-align: justify;\">Llevaba tiempo sin salir a hacer fotos cuando realic\u00e9 esta serie y ten\u00eda una ganas increibles de salir. La climatolog\u00eda y las obligaciones diarias no ayudaron demasiado por aquel entonces, pero el ansia era tal que decid\u00ed salir de casa apresuradamente pese a saber que no tendr\u00eda m\u00e1s de cinco minutos para disfrutar de mi hobby en Kobaron.<\/p>\n<p style=\"text-align: justify;\">Llegu\u00e9 al parking y decid\u00ed bajar a Aguasdulces porque es el sitio al que antes se llega a pie. La luz escaseaba ya, el sol acababa de meterse&#8230; Tard\u00e9 unos pocos minutos en llegar al sitio deseado y montar el equipo. Cuando todo estuvo dispuesto, hice un par de fotos r\u00e1pidas y de vuelta al coche y a casa&#8230; Esta toma lleva una exposici\u00f3n de 30 segundos a f11, ISO 100 y 10mm (16mm equiv.).<\/p>\n<p style=\"text-align: justify;\">A lo largo de la semana espero tener tiempo de mostraros la segunda. Laster arte!<\/p>\n<p style=\"text-align: center;\"><img decoding=\"async\" style=\"border: 2px solid black;\" src=\"http:\/\/farm3.static.flickr.com\/2589\/4048004256_ca50332f8e.jpg\" alt=\"\" \/><\/p>\n","protected":false},"excerpt":{"rendered":"<p>Esta foto de hoy forma parte de una breve serie de dos fotograf\u00edas tomadas a finales del pasado mes de octubre en la zona de Aguasdulces, Muskiz. Llevaba tiempo sin salir a hacer fotos cuando realic\u00e9 esta serie y ten\u00eda una ganas increibles de salir. La climatolog\u00eda y las obligaciones diarias no ayudaron demasiado por [&hellip;]<\/p>\n","protected":false},"author":1,"featured_media":0,"comment_status":"open","ping_status":"open","sticky":false,"template":"","format":"standard","meta":{"ngg_post_thumbnail":0,"footnotes":""},"categories":[6],"tags":[53,361,162,88,275,276,1494,18,129,46,163],"class_list":["post-913","post","type-post","status-publish","format-standard","hentry","category-fotografia","tag-andoni-lamborena","tag-filtros-hitech","tag-filtros-singh-ray","tag-fotos-de-muskiz","tag-hitech","tag-hitech-filters","tag-lamborena","tag-muskiz","tag-muskizko-argazkiak","tag-singh-ray","tag-singh-ray-filters","entry"],"_links":{"self":[{"href":"https:\/\/www.lamborena.com\/index.php?rest_route=\/wp\/v2\/posts\/913","targetHints":{"allow":["GET"]}}],"collection":[{"href":"https:\/\/www.lamborena.com\/index.php?rest_route=\/wp\/v2\/posts"}],"about":[{"href":"https:\/\/www.lamborena.com\/index.php?rest_route=\/wp\/v2\/types\/post"}],"author":[{"embeddable":true,"href":"https:\/\/www.lamborena.com\/index.php?rest_route=\/wp\/v2\/users\/1"}],"replies":[{"embeddable":true,"href":"https:\/\/www.lamborena.com\/index.php?rest_route=%2Fwp%2Fv2%2Fcomments&post=913"}],"version-history":[{"count":1,"href":"https:\/\/www.lamborena.com\/index.php?rest_route=\/wp\/v2\/posts\/913\/revisions"}],"predecessor-version":[{"id":914,"href":"https:\/\/www.lamborena.com\/index.php?rest_route=\/wp\/v2\/posts\/913\/revisions\/914"}],"wp:attachment":[{"href":"https:\/\/www.lamborena.com\/index.php?rest_route=%2Fwp%2Fv2%2Fmedia&parent=913"}],"wp:term":[{"taxonomy":"category","embeddable":true,"href":"https:\/\/www.lamborena.com\/index.php?rest_route=%2Fwp%2Fv2%2Fcategories&post=913"},{"taxonomy":"post_tag","embeddable":true,"href":"https:\/\/www.lamborena.com\/index.php?rest_route=%2Fwp%2Fv2%2Ftags&post=913"}],"curies":[{"name":"wp","href":"https:\/\/api.w.org\/{rel}","templated":true}]}}