{"id":915,"date":"2009-11-05T00:06:57","date_gmt":"2009-11-04T22:06:57","guid":{"rendered":"http:\/\/www.lamborena.com\/?p=915"},"modified":"2009-11-05T00:06:57","modified_gmt":"2009-11-04T22:06:57","slug":"la-arena-iraileko-ilunabar-baten","status":"publish","type":"post","link":"https:\/\/www.lamborena.com\/?p=915","title":{"rendered":"La Arena iraileko ilunabar baten"},"content":{"rendered":"<p style=\"text-align: justify;\">Esta foto la ten\u00eda en el caj\u00f3n del olvido guardada desde el pasado mes de septiembre hasta que hace escasos d\u00edas, haciendo limpieza en el disco duro, apareci\u00f3&#8230;<\/p>\n<p style=\"text-align: justify;\">No se por qu\u00e9 extra\u00f1a raz\u00f3n la descart\u00e9 en su momento porque ahora al recuperarla me gusta bastante. Cosas que tiene uno, supongo&#8230;<\/p>\n<p style=\"text-align: justify;\">La realic\u00e9 al finalizar el verano en la playa de La Arena, en la parte de Muskiz. No tiene ning\u00fan misterio t\u00e9cnicamente hablando, pero en su momento recuerdo que tuve que subexponer ligeramente para no quemar los reflejos de los charcos.<\/p>\n<p style=\"text-align: justify;\">Hoy ando vaguete para escribir, as\u00ed que os voy a dejar con la foto. Laster arte!<\/p>\n<p style=\"text-align: center;\"><img decoding=\"async\" style=\"border: 2px solid black;\" src=\"http:\/\/farm3.static.flickr.com\/2699\/4052616015_c97a53dd88.jpg\" alt=\"\" \/><\/p>\n","protected":false},"excerpt":{"rendered":"<p>Esta foto la ten\u00eda en el caj\u00f3n del olvido guardada desde el pasado mes de septiembre hasta que hace escasos d\u00edas, haciendo limpieza en el disco duro, apareci\u00f3&#8230; No se por qu\u00e9 extra\u00f1a raz\u00f3n la descart\u00e9 en su momento porque ahora al recuperarla me gusta bastante. Cosas que tiene uno, supongo&#8230; La realic\u00e9 al finalizar [&hellip;]<\/p>\n","protected":false},"author":1,"featured_media":0,"comment_status":"open","ping_status":"open","sticky":false,"template":"","format":"standard","meta":{"ngg_post_thumbnail":0,"footnotes":""},"categories":[6],"tags":[53,361,162,88,275,276,1494,18,129,46],"class_list":["post-915","post","type-post","status-publish","format-standard","hentry","category-fotografia","tag-andoni-lamborena","tag-filtros-hitech","tag-filtros-singh-ray","tag-fotos-de-muskiz","tag-hitech","tag-hitech-filters","tag-lamborena","tag-muskiz","tag-muskizko-argazkiak","tag-singh-ray","entry"],"_links":{"self":[{"href":"https:\/\/www.lamborena.com\/index.php?rest_route=\/wp\/v2\/posts\/915","targetHints":{"allow":["GET"]}}],"collection":[{"href":"https:\/\/www.lamborena.com\/index.php?rest_route=\/wp\/v2\/posts"}],"about":[{"href":"https:\/\/www.lamborena.com\/index.php?rest_route=\/wp\/v2\/types\/post"}],"author":[{"embeddable":true,"href":"https:\/\/www.lamborena.com\/index.php?rest_route=\/wp\/v2\/users\/1"}],"replies":[{"embeddable":true,"href":"https:\/\/www.lamborena.com\/index.php?rest_route=%2Fwp%2Fv2%2Fcomments&post=915"}],"version-history":[{"count":2,"href":"https:\/\/www.lamborena.com\/index.php?rest_route=\/wp\/v2\/posts\/915\/revisions"}],"predecessor-version":[{"id":917,"href":"https:\/\/www.lamborena.com\/index.php?rest_route=\/wp\/v2\/posts\/915\/revisions\/917"}],"wp:attachment":[{"href":"https:\/\/www.lamborena.com\/index.php?rest_route=%2Fwp%2Fv2%2Fmedia&parent=915"}],"wp:term":[{"taxonomy":"category","embeddable":true,"href":"https:\/\/www.lamborena.com\/index.php?rest_route=%2Fwp%2Fv2%2Fcategories&post=915"},{"taxonomy":"post_tag","embeddable":true,"href":"https:\/\/www.lamborena.com\/index.php?rest_route=%2Fwp%2Fv2%2Ftags&post=915"}],"curies":[{"name":"wp","href":"https:\/\/api.w.org\/{rel}","templated":true}]}}