{"id":96,"date":"2008-11-18T01:08:35","date_gmt":"2008-11-17T23:08:35","guid":{"rendered":"http:\/\/www.lamborena.com\/?p=96"},"modified":"2008-12-19T00:35:11","modified_gmt":"2008-12-18T22:35:11","slug":"me-quede-sin-ver-el-txindoki-joserrarentzat","status":"publish","type":"post","link":"https:\/\/www.lamborena.com\/?p=96","title":{"rendered":"Me qued\u00e9 sin ver el Txindoki&#8230; Joserrarentzat"},"content":{"rendered":"<p style=\"TEXT-ALIGN: justify\">Mira que le ten\u00eda yo ganas a la salida de este fin de semana pasado. A priori era un lugar privilegiado para la fotograf\u00eda y tras conocerlo puedo dar fe de que lo es.<\/p>\n<p style=\"TEXT-ALIGN: justify\">Una pena, pero el tiempo no acompa\u00f1\u00f3. La niebla fue mi mayor enemiga el s\u00e1bado. La lluvia y nubes lo fueron el domingo.<\/p>\n<p style=\"TEXT-ALIGN: justify\">Como no pod\u00eda volverme de ese paraiso sin fotos ayer me escap\u00e9 un rato despu\u00e9s de comer y busqu\u00e9 alg\u00fan rinc\u00f3n por Lazkaomendi para \u00abdesahogarme\u00bb&#8230; La escasez de fotos fue de sobra suplida por la buena compa\u00f1\u00eda durante todo el fin de semana. Incluso mi buen amigo <a href=\"http:\/\/www.txintxu.blogspot.com\" target=\"_blank\">Joserra<\/a> se acerc\u00f3 a saludarnos desde O\u00f1ati a Beasain!<\/p>\n<p style=\"TEXT-ALIGN: justify\">Os dejo con unas ovejitas pastando alegremente. Ir\u00e9 poniendo alguna m\u00e1s del fin de semana. Esta me gustar\u00eda dedic\u00e1rsela a <a href=\"http:\/\/www.txintxu.blogspot.com\" target=\"_blank\">Joserra<\/a> que hoy ha tenido un accidente laboral con rotura de h\u00famero incluida. Espero que la operaci\u00f3n y posterior recuperaci\u00f3n no le tengan sin hacer fotos porque en tal caso nuestros ojos se resentir\u00edan con su ausencia.<\/p>\n<p style=\"text-align: center;\"><img loading=\"lazy\" decoding=\"async\" style=\"border: black 2px solid;\" src=\"http:\/\/farm4.static.flickr.com\/3022\/3035519021_bac929d7c1.jpg\" alt=\"\" width=\"333\" height=\"500\" \/><\/p>\n","protected":false},"excerpt":{"rendered":"<p>Mira que le ten\u00eda yo ganas a la salida de este fin de semana pasado. A priori era un lugar privilegiado para la fotograf\u00eda y tras conocerlo puedo dar fe de que lo es. Una pena, pero el tiempo no acompa\u00f1\u00f3. La niebla fue mi mayor enemiga el s\u00e1bado. La lluvia y nubes lo fueron [&hellip;]<\/p>\n","protected":false},"author":1,"featured_media":0,"comment_status":"open","ping_status":"open","sticky":false,"template":"","format":"standard","meta":{"ngg_post_thumbnail":0,"footnotes":""},"categories":[6],"tags":[],"class_list":["post-96","post","type-post","status-publish","format-standard","hentry","category-fotografia","entry"],"_links":{"self":[{"href":"https:\/\/www.lamborena.com\/index.php?rest_route=\/wp\/v2\/posts\/96","targetHints":{"allow":["GET"]}}],"collection":[{"href":"https:\/\/www.lamborena.com\/index.php?rest_route=\/wp\/v2\/posts"}],"about":[{"href":"https:\/\/www.lamborena.com\/index.php?rest_route=\/wp\/v2\/types\/post"}],"author":[{"embeddable":true,"href":"https:\/\/www.lamborena.com\/index.php?rest_route=\/wp\/v2\/users\/1"}],"replies":[{"embeddable":true,"href":"https:\/\/www.lamborena.com\/index.php?rest_route=%2Fwp%2Fv2%2Fcomments&post=96"}],"version-history":[{"count":1,"href":"https:\/\/www.lamborena.com\/index.php?rest_route=\/wp\/v2\/posts\/96\/revisions"}],"predecessor-version":[{"id":166,"href":"https:\/\/www.lamborena.com\/index.php?rest_route=\/wp\/v2\/posts\/96\/revisions\/166"}],"wp:attachment":[{"href":"https:\/\/www.lamborena.com\/index.php?rest_route=%2Fwp%2Fv2%2Fmedia&parent=96"}],"wp:term":[{"taxonomy":"category","embeddable":true,"href":"https:\/\/www.lamborena.com\/index.php?rest_route=%2Fwp%2Fv2%2Fcategories&post=96"},{"taxonomy":"post_tag","embeddable":true,"href":"https:\/\/www.lamborena.com\/index.php?rest_route=%2Fwp%2Fv2%2Ftags&post=96"}],"curies":[{"name":"wp","href":"https:\/\/api.w.org\/{rel}","templated":true}]}}