{"id":993,"date":"2009-12-21T11:06:32","date_gmt":"2009-12-21T09:06:32","guid":{"rendered":"http:\/\/www.lamborena.com\/?p=993"},"modified":"2009-12-21T11:07:50","modified_gmt":"2009-12-21T09:07:50","slug":"muskiz-sinrise","status":"publish","type":"post","link":"https:\/\/www.lamborena.com\/?p=993","title":{"rendered":"Muskiz sunrise"},"content":{"rendered":"<p style=\"text-align: justify;\">Segunda toma de la serie realizada en la zona este de La Juncosa a primeros de mes. Como ver\u00e9is, se trata de otra toma del amanecer con el que pudimos todos disfrutar aquel d\u00eda. S\u00ed, tambi\u00e9n es de las que estrope\u00e9 disparando a ISO 800&#8230;<\/p>\n<p style=\"text-align: justify;\">Pese a no soportar una gran ampliaci\u00f3n en papel, s\u00ed que se defiende d\u00edgnamente a 20&#215;30. A partir de ese tama\u00f1o creo que los efectos del filtro antiruido ser\u00edan demasiado evidentes, aunque no puedo asegurarlo con certeza porque no lo he comprobado.<\/p>\n<p style=\"text-align: justify;\">De esta foto destacar\u00eda el cielo con esas nubes llenas de color y con formas curiosas producidas por el fuerte viento que nos acompa\u00f1\u00f3 aquella ma\u00f1ana.<\/p>\n<p style=\"text-align: justify;\">Os dejo en su compa\u00f1\u00eda. Laster arte!<\/p>\n<p style=\"text-align: center;\"><img loading=\"lazy\" decoding=\"async\" style=\"border: 2px solid black;\" src=\"http:\/\/farm3.static.flickr.com\/2662\/4144748590_632c3dc50b.jpg\" alt=\"\" width=\"500\" height=\"333\" \/><\/p>\n","protected":false},"excerpt":{"rendered":"<p>Segunda toma de la serie realizada en la zona este de La Juncosa a primeros de mes. Como ver\u00e9is, se trata de otra toma del amanecer con el que pudimos todos disfrutar aquel d\u00eda. S\u00ed, tambi\u00e9n es de las que estrope\u00e9 disparando a ISO 800&#8230; Pese a no soportar una gran ampliaci\u00f3n en papel, s\u00ed [&hellip;]<\/p>\n","protected":false},"author":1,"featured_media":0,"comment_status":"open","ping_status":"open","sticky":false,"template":"","format":"standard","meta":{"ngg_post_thumbnail":0,"footnotes":""},"categories":[6],"tags":[595,614,53,613,51,615,361,565,88,275,276,68,50,97,1494,18,129,612,359,611],"class_list":["post-993","post","type-post","status-publish","format-standard","hentry","category-fotografia","tag-amanecer","tag-amanecer-en-muskiz","tag-andoni-lamborena","tag-andoni-muskiz","tag-cobaron","tag-egunsentia-muskizen","tag-filtros-hitech","tag-fotografia-de-naturaleza","tag-fotos-de-muskiz","tag-hitech","tag-hitech-filters","tag-itsaslur","tag-kobaron","tag-la-juncosa","tag-lamborena","tag-muskiz","tag-muskizko-argazkiak","tag-parque-itsaslur","tag-paseo-itsaslur","tag-pictures-from-muskiz","entry"],"_links":{"self":[{"href":"https:\/\/www.lamborena.com\/index.php?rest_route=\/wp\/v2\/posts\/993","targetHints":{"allow":["GET"]}}],"collection":[{"href":"https:\/\/www.lamborena.com\/index.php?rest_route=\/wp\/v2\/posts"}],"about":[{"href":"https:\/\/www.lamborena.com\/index.php?rest_route=\/wp\/v2\/types\/post"}],"author":[{"embeddable":true,"href":"https:\/\/www.lamborena.com\/index.php?rest_route=\/wp\/v2\/users\/1"}],"replies":[{"embeddable":true,"href":"https:\/\/www.lamborena.com\/index.php?rest_route=%2Fwp%2Fv2%2Fcomments&post=993"}],"version-history":[{"count":4,"href":"https:\/\/www.lamborena.com\/index.php?rest_route=\/wp\/v2\/posts\/993\/revisions"}],"predecessor-version":[{"id":997,"href":"https:\/\/www.lamborena.com\/index.php?rest_route=\/wp\/v2\/posts\/993\/revisions\/997"}],"wp:attachment":[{"href":"https:\/\/www.lamborena.com\/index.php?rest_route=%2Fwp%2Fv2%2Fmedia&parent=993"}],"wp:term":[{"taxonomy":"category","embeddable":true,"href":"https:\/\/www.lamborena.com\/index.php?rest_route=%2Fwp%2Fv2%2Fcategories&post=993"},{"taxonomy":"post_tag","embeddable":true,"href":"https:\/\/www.lamborena.com\/index.php?rest_route=%2Fwp%2Fv2%2Ftags&post=993"}],"curies":[{"name":"wp","href":"https:\/\/api.w.org\/{rel}","templated":true}]}}