{"id":998,"date":"2009-12-25T10:45:16","date_gmt":"2009-12-25T08:45:16","guid":{"rendered":"http:\/\/www.lamborena.com\/?p=998"},"modified":"2009-12-25T10:45:16","modified_gmt":"2009-12-25T08:45:16","slug":"zorionak","status":"publish","type":"post","link":"https:\/\/www.lamborena.com\/?p=998","title":{"rendered":"Zorionak!"},"content":{"rendered":"<p style=\"text-align: justify;\">Hoy es Navidad y llevo bastantes d\u00edas sin escribir en el blog, as\u00ed que quiero aprovechar ahora que en casa est\u00e1n todos a\u00fan dormidos para felicitaros las fiestas a todos los lectores.<\/p>\n<p style=\"text-align: justify;\">He rebuscado un poco en el archivo para poner una foto t\u00edpicamente invernal pero al final me he decidido por una muy reciente tomada hace escasas semanas en La Garbea en coma\u00f1\u00eda de I\u00f1aki.<\/p>\n<p style=\"text-align: justify;\">Poco os puedo contar sobre esta foto. Tan solo que inicialmente ten\u00edamos previsto ir a Kolitza aquella ma\u00f1ana, pero al ver la niebla sobre Zalla decidimos cambiar de destino y creo que acertamos. Es una maravilla poder contemplar un amanecer as\u00ed in situ, a pesar del fr\u00edo que chupamos para poder hacer las fotos&#8230;<\/p>\n<p style=\"text-align: justify;\">Os dejo con ella y con mis mejores deseos para estas fiestas. Laster arte! Eguberri on!<\/p>\n<p style=\"text-align: center;\"><img decoding=\"async\" style=\"border: 2px solid black;\" src=\"http:\/\/farm3.static.flickr.com\/2577\/4169038800_f1b47e57b5.jpg\" alt=\"\" \/><\/p>\n<p style=\"text-align: center;\">\n","protected":false},"excerpt":{"rendered":"<p>Hoy es Navidad y llevo bastantes d\u00edas sin escribir en el blog, as\u00ed que quiero aprovechar ahora que en casa est\u00e1n todos a\u00fan dormidos para felicitaros las fiestas a todos los lectores. He rebuscado un poco en el archivo para poner una foto t\u00edpicamente invernal pero al final me he decidido por una muy reciente [&hellip;]<\/p>\n","protected":false},"author":1,"featured_media":0,"comment_status":"open","ping_status":"open","sticky":false,"template":"","format":"standard","meta":{"ngg_post_thumbnail":0,"footnotes":""},"categories":[6],"tags":[53,56,617,618,619,361,275,276,326,1494,616,54],"class_list":["post-998","post","type-post","status-publish","format-standard","hentry","category-fotografia","tag-andoni-lamborena","tag-canon-eos-30d","tag-eguberri","tag-encartaciones","tag-enkarterri","tag-filtros-hitech","tag-hitech","tag-hitech-filters","tag-la-garbea","tag-lamborena","tag-navidad","tag-sigma-10-20","entry"],"_links":{"self":[{"href":"https:\/\/www.lamborena.com\/index.php?rest_route=\/wp\/v2\/posts\/998","targetHints":{"allow":["GET"]}}],"collection":[{"href":"https:\/\/www.lamborena.com\/index.php?rest_route=\/wp\/v2\/posts"}],"about":[{"href":"https:\/\/www.lamborena.com\/index.php?rest_route=\/wp\/v2\/types\/post"}],"author":[{"embeddable":true,"href":"https:\/\/www.lamborena.com\/index.php?rest_route=\/wp\/v2\/users\/1"}],"replies":[{"embeddable":true,"href":"https:\/\/www.lamborena.com\/index.php?rest_route=%2Fwp%2Fv2%2Fcomments&post=998"}],"version-history":[{"count":1,"href":"https:\/\/www.lamborena.com\/index.php?rest_route=\/wp\/v2\/posts\/998\/revisions"}],"predecessor-version":[{"id":999,"href":"https:\/\/www.lamborena.com\/index.php?rest_route=\/wp\/v2\/posts\/998\/revisions\/999"}],"wp:attachment":[{"href":"https:\/\/www.lamborena.com\/index.php?rest_route=%2Fwp%2Fv2%2Fmedia&parent=998"}],"wp:term":[{"taxonomy":"category","embeddable":true,"href":"https:\/\/www.lamborena.com\/index.php?rest_route=%2Fwp%2Fv2%2Fcategories&post=998"},{"taxonomy":"post_tag","embeddable":true,"href":"https:\/\/www.lamborena.com\/index.php?rest_route=%2Fwp%2Fv2%2Ftags&post=998"}],"curies":[{"name":"wp","href":"https:\/\/api.w.org\/{rel}","templated":true}]}}